{"id":298141,"date":"2026-09-04T09:10:00","date_gmt":"2026-09-04T07:10:00","guid":{"rendered":"https:\/\/os-svetvincenat.skole.hr\/?p=298141"},"modified":"2026-09-05T11:26:44","modified_gmt":"2026-09-05T09:26:44","slug":"obavijest-prvasici","status":"publish","type":"post","link":"https:\/\/os-svetvincenat.skole.hr\/?p=298141","title":{"rendered":"Obavijest &#8211; PRVA\u0160I\u0106I"},"content":{"rendered":"<p>[et_pb_section fb_built=&#8221;1&#8243; theme_builder_area=&#8221;post_content&#8221; _builder_version=&#8221;4.27.6&#8243; _module_preset=&#8221;default&#8221;][et_pb_row _builder_version=&#8221;4.27.6&#8243; _module_preset=&#8221;default&#8221; theme_builder_area=&#8221;post_content&#8221;][et_pb_column _builder_version=&#8221;4.27.6&#8243; _module_preset=&#8221;default&#8221; type=&#8221;4_4&#8243; theme_builder_area=&#8221;post_content&#8221;][et_pb_text _builder_version=&#8221;4.27.6&#8243; _module_preset=&#8221;default&#8221; theme_builder_area=&#8221;post_content&#8221; hover_enabled=&#8221;0&#8243; sticky_enabled=&#8221;0&#8243;]<\/p>\n<p><strong>DRAGI PRVA\u0160I\u0106I I PO\u0160TOVANI RODITELJI!<\/strong><\/p>\n<p>&nbsp;<\/p>\n<p>Obavje\u0161tavamo Vas da \u0107e se prijem u\u010denika 1. razreda odr\u017eati u na\u0161oj \u0161koli u ponedjeljak, 7.9. 2026. godine, s po\u010detkom u 10,00 sati.<\/p>\n<p>Nakon uvodnog pozdrava, u\u010denici \u0107e u pratnji svoje u\u010diteljice biti smje\u0161teni u svoju u\u010dionicu, dok \u0107e roditelji imati sastanak sa pedagoginjom na\u0161e \u0161kole.<\/p>\n<p>Molimo Vas da sa sobom ponesete \u0161kolsku ili neku drugu prikladnu torbu, budu\u0107i \u0107e taj dan biti i podjela ud\u017ebenika.<\/p>\n<p>&nbsp;<\/p>\n<p>DOBRO NAM DO\u0160LI DRAGI PRVA\u0160I\u0106I!<\/p>\n<p><img decoding=\"async\" src=\"https:\/\/os-svetvincenat.skole.hr\/wp-content\/uploads\/sites\/2697\/2024\/09\/PRVASICI-300x127.jpg\" width=\"300\" height=\"127\" alt=\"\" class=\"wp-image-293124 alignnone size-medium\" srcset=\"https:\/\/os-svetvincenat.skole.hr\/wp-content\/uploads\/sites\/2697\/2024\/09\/PRVASICI-300x127.jpg 300w, https:\/\/os-svetvincenat.skole.hr\/wp-content\/uploads\/sites\/2697\/2024\/09\/PRVASICI.jpg 454w\" sizes=\"(max-width: 300px) 100vw, 300px\" \/><\/p>\n<p>&nbsp;<\/p>\n<p>[\/et_pb_text][\/et_pb_column][\/et_pb_row][\/et_pb_section]<\/p>\n","protected":false},"excerpt":{"rendered":"<p>DRAGI PRVA\u0160I\u0106I I PO\u0160TOVANI RODITELJI! &nbsp; Obavje\u0161tavamo Vas da \u0107e se prijem u\u010denika 1. razreda odr\u017eati u na\u0161oj \u0161koli u ponedjeljak, 7.9. 2026. godine, s po\u010detkom u 10,00 sati. Nakon uvodnog pozdrava, u\u010denici \u0107e u pratnji svoje u\u010diteljice biti smje\u0161teni u svoju u\u010dionicu, dok \u0107e roditelji imati sastanak sa pedagoginjom na\u0161e \u0161kole. Molimo Vas da [&hellip;]<\/p>\n","protected":false},"author":6002,"featured_media":293715,"comment_status":"closed","ping_status":"closed","sticky":false,"template":"","format":"standard","meta":{"_et_pb_use_builder":"on","_et_pb_old_content":"<!-- wp:divi\/placeholder \/-->","_et_gb_content_width":"","footnotes":""},"categories":[38],"tags":[],"class_list":["post-298141","post","type-post","status-publish","format-standard","has-post-thumbnail","hentry","category-vijesti"],"_links":{"self":[{"href":"https:\/\/os-svetvincenat.skole.hr\/index.php?rest_route=\/wp\/v2\/posts\/298141","targetHints":{"allow":["GET"]}}],"collection":[{"href":"https:\/\/os-svetvincenat.skole.hr\/index.php?rest_route=\/wp\/v2\/posts"}],"about":[{"href":"https:\/\/os-svetvincenat.skole.hr\/index.php?rest_route=\/wp\/v2\/types\/post"}],"author":[{"embeddable":true,"href":"https:\/\/os-svetvincenat.skole.hr\/index.php?rest_route=\/wp\/v2\/users\/6002"}],"replies":[{"embeddable":true,"href":"https:\/\/os-svetvincenat.skole.hr\/index.php?rest_route=%2Fwp%2Fv2%2Fcomments&post=298141"}],"version-history":[{"count":3,"href":"https:\/\/os-svetvincenat.skole.hr\/index.php?rest_route=\/wp\/v2\/posts\/298141\/revisions"}],"predecessor-version":[{"id":298153,"href":"https:\/\/os-svetvincenat.skole.hr\/index.php?rest_route=\/wp\/v2\/posts\/298141\/revisions\/298153"}],"wp:featuredmedia":[{"embeddable":true,"href":"https:\/\/os-svetvincenat.skole.hr\/index.php?rest_route=\/wp\/v2\/media\/293715"}],"wp:attachment":[{"href":"https:\/\/os-svetvincenat.skole.hr\/index.php?rest_route=%2Fwp%2Fv2%2Fmedia&parent=298141"}],"wp:term":[{"taxonomy":"category","embeddable":true,"href":"https:\/\/os-svetvincenat.skole.hr\/index.php?rest_route=%2Fwp%2Fv2%2Fcategories&post=298141"},{"taxonomy":"post_tag","embeddable":true,"href":"https:\/\/os-svetvincenat.skole.hr\/index.php?rest_route=%2Fwp%2Fv2%2Ftags&post=298141"}],"curies":[{"name":"wp","href":"https:\/\/api.w.org\/{rel}","templated":true}]}}