{"id":298120,"date":"2026-09-04T09:00:00","date_gmt":"2026-09-04T07:00:00","guid":{"rendered":"https:\/\/os-svetvincenat.skole.hr\/?p=298120"},"modified":"2026-09-05T11:21:30","modified_gmt":"2026-09-05T09:21:30","slug":"obavijest-za-svih-prvi-dan-nastave","status":"publish","type":"post","link":"https:\/\/os-svetvincenat.skole.hr\/?p=298120","title":{"rendered":"Obavijest za svih &#8211; PRVI DAN NASTAVE"},"content":{"rendered":"<p>[et_pb_section fb_built=&#8221;1&#8243; theme_builder_area=&#8221;post_content&#8221; _builder_version=&#8221;4.27.6&#8243; _module_preset=&#8221;default&#8221;][et_pb_row _builder_version=&#8221;4.27.6&#8243; _module_preset=&#8221;default&#8221; theme_builder_area=&#8221;post_content&#8221;][et_pb_column _builder_version=&#8221;4.27.6&#8243; _module_preset=&#8221;default&#8221; type=&#8221;4_4&#8243; theme_builder_area=&#8221;post_content&#8221;][et_pb_text _builder_version=&#8221;4.27.6&#8243; _module_preset=&#8221;default&#8221; theme_builder_area=&#8221;post_content&#8221; hover_enabled=&#8221;0&#8243; sticky_enabled=&#8221;0&#8243; custom_padding=&#8221;||1px|||&#8221;]<\/p>\n<p>Dragi u\u010denici,<\/p>\n<p>nakon dugog ljetnog odmora, kojeg se nadamo da ste dobro iskoristili, pred nama je jo\u0161 jedna \u0161kolska godina.<\/p>\n<p>Nova nastavna godina po\u010dinje u ponedjeljak, 7.9. 2026. godine, i to prema slijede\u0107em rasporedu:<\/p>\n<p>&#8211; u\u010denici 2., 3. i 4. razreda dolaze na nastavu u 8,30 sati, a povratak ku\u0107ama predvi\u0111en je u 10,30 sati<\/p>\n<p>&#8211; u\u010denici predmetne nastave (5. &#8211; 8. razred) dolaze na nastavu u 11,40 sati, te je povratak ku\u0107ama predvi\u0111en u 14,00 sati.<\/p>\n<p>Molimo vas da donesete \u0161kolsku torbu ili neku drugu prikladnu torbu budu\u0107i \u0107e taj dan biti i podjela ud\u017ebenika.<\/p>\n<p>Od utorka, 8.9. 2026. godine nastava napokon kre\u0107e u jutarnjoj smjeni za sve u\u010denike \u0161kole.<\/p>\n<p>Raspored vo\u017enje \u0161kolskog autobusa za ponedjeljak nalazi se u privitku.<\/p>\n<p>U\u010denicima \u0107e taj dan biti osigurana marenda.<\/p>\n<p>Veselimo se Va\u0161em dolasku i \u017eelimo svima sretan po\u010detak!<\/p>\n<p>&nbsp;<\/p>\n<p>Djelatnici Osnovne \u0161kole Svetvin\u010denat s ravnateljicom<\/p>\n<p>[\/et_pb_text][\/et_pb_column][\/et_pb_row][et_pb_row _builder_version=&#8221;4.27.6&#8243; _module_preset=&#8221;default&#8221; theme_builder_area=&#8221;post_content&#8221;][et_pb_column _builder_version=&#8221;4.27.6&#8243; _module_preset=&#8221;default&#8221; type=&#8221;4_4&#8243; theme_builder_area=&#8221;post_content&#8221;][et_pb_text _builder_version=&#8221;4.27.6&#8243; _module_preset=&#8221;default&#8221; theme_builder_area=&#8221;post_content&#8221; hover_enabled=&#8221;0&#8243; sticky_enabled=&#8221;0&#8243;]<\/p>\n<p><a href=\"https:\/\/os-svetvincenat.skole.hr\/wp-content\/uploads\/sites\/2697\/2026\/09\/RED-VOZNJE-SKOLSKOG-AUTOBUSA-PRVI-DAN-NASTAVE.docx\" rel=\"attachment wp-att-298135\">RED VO\u017dNJE \u0160KOLSKOG AUTOBUSA- PRVI DAN NASTAVE<\/a><\/p>\n<p>[\/et_pb_text][\/et_pb_column][\/et_pb_row][\/et_pb_section]<\/p>\n","protected":false},"excerpt":{"rendered":"<p>Dragi u\u010denici, nakon dugog ljetnog odmora, kojeg se nadamo da ste dobro iskoristili, pred nama je jo\u0161 jedna \u0161kolska godina. Nova nastavna godina po\u010dinje u ponedjeljak, 7.9. 2026. godine, i to prema slijede\u0107em rasporedu: &#8211; u\u010denici 2., 3. i 4. razreda dolaze na nastavu u 8,30 sati, a povratak ku\u0107ama predvi\u0111en je u 10,30 sati [&hellip;]<\/p>\n","protected":false},"author":6002,"featured_media":298126,"comment_status":"closed","ping_status":"closed","sticky":false,"template":"","format":"standard","meta":{"_et_pb_use_builder":"on","_et_pb_old_content":"","_et_gb_content_width":"","footnotes":""},"categories":[1,38],"tags":[],"class_list":["post-298120","post","type-post","status-publish","format-standard","has-post-thumbnail","hentry","category-nekategorizirano","category-vijesti"],"_links":{"self":[{"href":"https:\/\/os-svetvincenat.skole.hr\/index.php?rest_route=\/wp\/v2\/posts\/298120","targetHints":{"allow":["GET"]}}],"collection":[{"href":"https:\/\/os-svetvincenat.skole.hr\/index.php?rest_route=\/wp\/v2\/posts"}],"about":[{"href":"https:\/\/os-svetvincenat.skole.hr\/index.php?rest_route=\/wp\/v2\/types\/post"}],"author":[{"embeddable":true,"href":"https:\/\/os-svetvincenat.skole.hr\/index.php?rest_route=\/wp\/v2\/users\/6002"}],"replies":[{"embeddable":true,"href":"https:\/\/os-svetvincenat.skole.hr\/index.php?rest_route=%2Fwp%2Fv2%2Fcomments&post=298120"}],"version-history":[{"count":3,"href":"https:\/\/os-svetvincenat.skole.hr\/index.php?rest_route=\/wp\/v2\/posts\/298120\/revisions"}],"predecessor-version":[{"id":298138,"href":"https:\/\/os-svetvincenat.skole.hr\/index.php?rest_route=\/wp\/v2\/posts\/298120\/revisions\/298138"}],"wp:featuredmedia":[{"embeddable":true,"href":"https:\/\/os-svetvincenat.skole.hr\/index.php?rest_route=\/wp\/v2\/media\/298126"}],"wp:attachment":[{"href":"https:\/\/os-svetvincenat.skole.hr\/index.php?rest_route=%2Fwp%2Fv2%2Fmedia&parent=298120"}],"wp:term":[{"taxonomy":"category","embeddable":true,"href":"https:\/\/os-svetvincenat.skole.hr\/index.php?rest_route=%2Fwp%2Fv2%2Fcategories&post=298120"},{"taxonomy":"post_tag","embeddable":true,"href":"https:\/\/os-svetvincenat.skole.hr\/index.php?rest_route=%2Fwp%2Fv2%2Ftags&post=298120"}],"curies":[{"name":"wp","href":"https:\/\/api.w.org\/{rel}","templated":true}]}}